{"id":1295,"date":"2025-02-14T09:16:00","date_gmt":"2025-02-14T08:16:00","guid":{"rendered":"https:\/\/www.ev-brg-schloss-wagrain.at\/a\/?p=1295"},"modified":"2025-02-14T14:17:08","modified_gmt":"2025-02-14T13:17:08","slug":"protokoll-der-2-sga-sitzung-2024-25-am-06-02-2025","status":"publish","type":"post","link":"https:\/\/www.ev-brg-schloss-wagrain.at\/a\/protokoll-der-2-sga-sitzung-2024-25-am-06-02-2025\/","title":{"rendered":"Protokoll der 2. SGA-Sitzung 2024\/25 am 6.2.2025"},"content":{"rendered":"\n<p><strong>Anwesende:<\/strong><br>\u2022 Direktor Manfred Kienesberger<br>\u2022 Lehrer*<em>innen: Werner Hittenberger, Andrea Sch\u00f6gl, Michaela Wiesmayr <\/em><br><em>\u2022 Sch\u00fcler<\/em>*innenvertretung: Marlene Sageder, Joachim G\u00f6bl, Lena Riedl<br>\u2022 Elternvertretung: Andreas Meinhart, Gioia Schmid-Schmidsfelden<\/p>\n\n\n\n<ol class=\"wp-block-list\">\n<li><strong>Schulausbau \u2013 Planungsstand Umbau der alten Bausubstanz<\/strong><br>Rundgang durch die neuen R\u00e4umlichkeiten im EG. Der Umbau ist schon weit fortgeschritten, die neuen R\u00e4ume im EG werden der Schule mit 27.2. zur Verf\u00fcgung stehen. Die M\u00f6blierung ist noch nicht ganz abgeschlossen.<br>Die Arkaden im alten Innenhof haben neue Fenster bekommen, diese inkludieren neue R\u00e4umlichkeiten: einen Raum f\u00fcr die Sch\u00fclervertretung (vorher: Kaffeek\u00fcche der SuS), einen Ruheraum der TABE (vorher: Lehrerk\u00fcche), einen Speisesaal (vorher: Klassenraum, Druckerraum, Eingang) und mehrere weitere R\u00e4ume, die ausschlie\u00dflich von der TABE genutzt werden sollen (vorher: Konferenzzimmer, Administration, Sekretariat, Direktion). Abgeschlossen sind Umbau und Umsiedelung, wenn der Hauswart seine neuen R\u00e4umlichkeiten (vorher: Buffetraum) bezogen hat und die Werk- und KUGE-R\u00e4ume umgesiedelt sind; das soll noch im heurigen Schuljahr abgeschlossen sein.<br><br><\/li>\n\n\n\n<li><strong>Mehrt\u00e4gige Schulveranstaltungen<\/strong><br>Dem Antrag f\u00fcr eine mehrt\u00e4gige Schulveranstaltung wurde einstimmig zugestimmt. Die 4A f\u00e4hrt als Abschlussreise f\u00fcr 3 Tage nach Innsbruck. Die Kosten belaufen sich auf 246 Euro.<br><br><\/li>\n\n\n\n<li><strong>Er\u00f6ffnungsfeier Neubau<\/strong><br>Die Er\u00f6ffnungsfeier ist f\u00fcr den 1.7. geplant.<br><br><\/li>\n\n\n\n<li><strong>Schulautonom unterrichtsfreie Tage 2025\/26<\/strong><br>Die schulautonom freien Tage wurden f\u00fcr das n\u00e4chste Schuljahr f\u00fcr 15.5.2026 (Christi Himmelfahrt) und 5.6.2026 (Fronleichnam) festgelegt.<br>Die Herbstferien finden zwischen dem 27. und 31.10.2025 statt.<br><br><\/li>\n\n\n\n<li><strong>Kollektiv-Unfallversicherung und kollektiv-Schulveranstaltungsstornoversicherung<\/strong><br>Die Kollektiv-Unfallversicherung und kollektiv-Schulveranstaltungsstornoversicherung wird f\u00fcr das kommende Schuljahr erneut abgeschlossen, diese wird 2\u20ac\/SuS betragen<br><br><\/li>\n\n\n\n<li><strong>Jahresbericht 2025\/26<\/strong><br>Der Jahresbericht wird heuer wieder digital abrufbar sein.<br><br><br><strong>Allf\u00e4lliges<\/strong><br>Andreas Meinhart stellt das Mental-Health-Day-Programm und die Ern\u00e4hrungsworkshops f\u00fcr die 4. Klassen des Jahres 2025\/26 als Initiativen des EV vor. Diese m\u00fcsste der EV terminlich mit den Veranstaltern abkl\u00e4ren und im SGA im Mai zur Abstimmung bringen. Die Termine m\u00fcsste der EV bis Dienstag in der ersten Schulwoche des n\u00e4chsten Schuljahres an die Direktion kommunizieren. Der Direktor, die Lehrkr\u00e4fte und Sch\u00fclervertreter standen beiden Vorhaben grunds\u00e4tzlich positiv gegen\u00fcber.<br>Sollte der Ern\u00e4hrungsworkshop f\u00fcr die 4. Klassen wieder gew\u00fcnscht sein, muss ein Terminvorschlag bis zur Er\u00f6ffnungskonferenz des n\u00e4chsten Schuljahres eingebracht werden.<br><br>Von der Sch\u00fclervertretung wurde angefragt, wie mit freiwilligen Eins\u00e4tzen w\u00e4hrend der Schulzeit von Sch\u00fclern, die z.B. bei der Rettung oder Feuerwehr sind, verfahren wird. Hr. Direktor Kienesberger best\u00e4tigte, dass diese Fehlzeiten als entschuldigt gelten.<br><br>Leitfaden f\u00fcrs &#8222;Onboarding&#8220;, gedacht f\u00fcr Eltern von SuS der ersten Klassen: Von den Lehrervertretern gab es Verst\u00e4ndnis daf\u00fcr, dass hier Verbesserungsbedarf besteht. Als konkrete Verbesserung k\u00f6nnten z.B. Anleitungsvideos f\u00fcr &#8222;TEAMS&#8220; oder &#8220; WebUntis&#8220; online gestellt werden.<br><\/li>\n<\/ol>\n\n\n\n<p><strong>Die n\u00e4chste SGA-Sitzung findet am 21.5. um 18:30 statt.<\/strong><\/p>\n\n\n\n<p><br>Mit freundlichen Gr\u00fc\u00dfen<br>Mag. Gioia Schmid-Schmidsfelden (Obfrau)<br>Andreas Meinhart (Obmann-Stv.)<br><strong>f\u00fcr den Elternverein BRG<\/strong><\/p>\n","protected":false},"excerpt":{"rendered":"<p>Anwesende:\u2022 Direktor Manfred Kienesberger\u2022 Lehrer*innen: Werner Hittenberger, Andrea Sch\u00f6gl, Michaela Wiesmayr \u2022 Sch\u00fcler*innenvertretung: Marlene Sageder, Joachim G\u00f6bl, Lena Riedl\u2022 Elternvertretung: Andreas Meinhart, Gioia Schmid-Schmidsfelden Die n\u00e4chste SGA-Sitzung findet am 21.5. um 18:30 statt. Mit freundlichen Gr\u00fc\u00dfenMag. Gioia Schmid-Schmidsfelden (Obfrau)Andreas Meinhart (Obmann-Stv.)f\u00fcr den Elternverein BRG<\/p>\n","protected":false},"author":3,"featured_media":796,"comment_status":"open","ping_status":"open","sticky":false,"template":"","format":"standard","meta":{"footnotes":""},"categories":[1],"tags":[],"class_list":["post-1295","post","type-post","status-publish","format-standard","has-post-thumbnail","hentry","category-allgemein"],"blocksy_meta":[],"_links":{"self":[{"href":"https:\/\/www.ev-brg-schloss-wagrain.at\/a\/wp-json\/wp\/v2\/posts\/1295","targetHints":{"allow":["GET"]}}],"collection":[{"href":"https:\/\/www.ev-brg-schloss-wagrain.at\/a\/wp-json\/wp\/v2\/posts"}],"about":[{"href":"https:\/\/www.ev-brg-schloss-wagrain.at\/a\/wp-json\/wp\/v2\/types\/post"}],"author":[{"embeddable":true,"href":"https:\/\/www.ev-brg-schloss-wagrain.at\/a\/wp-json\/wp\/v2\/users\/3"}],"replies":[{"embeddable":true,"href":"https:\/\/www.ev-brg-schloss-wagrain.at\/a\/wp-json\/wp\/v2\/comments?post=1295"}],"version-history":[{"count":16,"href":"https:\/\/www.ev-brg-schloss-wagrain.at\/a\/wp-json\/wp\/v2\/posts\/1295\/revisions"}],"predecessor-version":[{"id":1312,"href":"https:\/\/www.ev-brg-schloss-wagrain.at\/a\/wp-json\/wp\/v2\/posts\/1295\/revisions\/1312"}],"wp:featuredmedia":[{"embeddable":true,"href":"https:\/\/www.ev-brg-schloss-wagrain.at\/a\/wp-json\/wp\/v2\/media\/796"}],"wp:attachment":[{"href":"https:\/\/www.ev-brg-schloss-wagrain.at\/a\/wp-json\/wp\/v2\/media?parent=1295"}],"wp:term":[{"taxonomy":"category","embeddable":true,"href":"https:\/\/www.ev-brg-schloss-wagrain.at\/a\/wp-json\/wp\/v2\/categories?post=1295"},{"taxonomy":"post_tag","embeddable":true,"href":"https:\/\/www.ev-brg-schloss-wagrain.at\/a\/wp-json\/wp\/v2\/tags?post=1295"}],"curies":[{"name":"wp","href":"https:\/\/api.w.org\/{rel}","templated":true}]}}