{"id":1314,"date":"2025-10-21T19:25:17","date_gmt":"2025-10-21T17:25:17","guid":{"rendered":"https:\/\/www.ev-brg-schloss-wagrain.at\/a\/?p=1314"},"modified":"2025-10-21T19:33:52","modified_gmt":"2025-10-21T17:33:52","slug":"protokoll-der-1-sga-sitzung-2025-26-am-7-10-2025","status":"publish","type":"post","link":"https:\/\/www.ev-brg-schloss-wagrain.at\/a\/protokoll-der-1-sga-sitzung-2025-26-am-7-10-2025\/","title":{"rendered":"Protokoll der 1. SGA-Sitzung 2025\/26 am 7.10.2025"},"content":{"rendered":"\n<p><strong>Anwesende: <\/strong><br>Direktor Hr. Dipl. Ing. MMag. Manfred Kienesberger<\/p>\n\n\n\n<p><strong>Lehrervertreter*innen: <\/strong><br>Prof. Mag. Werner Hittenberger<br>Prof. Mag. Andrea Sch\u00f6gl<br>Prof. Mag. Michaela Wiesmayr<\/p>\n\n\n\n<p><strong>Elternvertreter*innen:<\/strong><br>Gioia Schmid-Schmidsfelden<br>Andreas Meinhart<br>Sandra Kaiser<\/p>\n\n\n\n<p><strong>Sch\u00fclervertreter*inen:<\/strong><br>Lena Riedl<br>Laura Resch<br>Constantin Wiespointner<\/p>\n\n\n\n<p><strong>Antrag: <\/strong>Annahme des Protokolls der letzten SGA-Sitzung vom 21.05.2025<br>Abstimmung: Antrag einstimmig angenommen.<\/p>\n\n\n\n<p><strong>Tagesordnung:<\/strong><\/p>\n\n\n\n<ol class=\"wp-block-list\">\n<li><strong>Schulausbau \u2013 Planungsstand Umbau der alten Bausubstanz<\/strong><br>Die Umbauarbeiten sind abgeschlossen. Nur ein kleiner Teil an der Fassade muss noch gemacht werden. Das wird in den Herbstferien erledigt.<br><br><\/li>\n\n\n\n<li><strong>Mehrt\u00e4gige Schulveranstaltungen<\/strong><br>Alle mehrt\u00e4gigen Schulveranstaltungen wurden vom SGA genehmigt.<br><br><\/li>\n\n\n\n<li><strong>Planung letzte Schulwoche 25\/26, Schulfest<\/strong><br>In der letzten Schulwoche sind wieder zwei Ganztagswandertage geplant, zwei Schultage werden laut Stundenplan stattfinden. F\u00fcr den Dienstag plant die Sch\u00fclervertretung einen Charity-Lauf ev. gemeinsam mit dem BG. Das Schulfest sollte auf den Montag 06.07.26 gelegt werden damit alle Klassen teilnehmen k\u00f6nnen. Das muss aber noch mit dem Caterer gekl\u00e4rt werden.<br>Am Freitag findet ein Gottesdienst und die Zeugnisverteilung statt.<br><br><\/li>\n\n\n\n<li><strong>Elternsprechtag(e) 2025\/26<\/strong><br>Der Elternsprechtag findet am 04.12.2025 statt. Ob der Sprechtag in Pr\u00e4senz oder Online durchgef\u00fchrt werden soll wird noch festgelegt.<br><br><\/li>\n\n\n\n<li><strong>Mental Health Care<\/strong><br>Die Schule m\u00f6chte zu diesem Thema sehr gerne was machen. Hr. Dir. Kienesberger bevorzugt den vom Elternverein vorgeschlagenen Verein, da dieser auch eng mit dem Bildungsministerium zusammenarbeitet. Der genaue Ablauf dazu muss noch genauer durch den Elternverein abgek\u00e4rt werden. Die entstehenden Kosten sollten zur H\u00e4lfte vom Elternverein und zur H\u00e4lfte von den Eltern \u00fcbernommen werden.<br><br><\/li>\n\n\n\n<li><strong>Schulautonome Stundentafel: Alternativer Pflichtgegenstand Darstellende Geometrie<\/strong><br>Ab der 6. Klasse wird Darstellende Geometrie angeboten, um dieses Fach auch mit Matura abschlie\u00dfen zu k\u00f6nnen.<br><br><\/li>\n\n\n\n<li><strong>Fr\u00fchaufsicht Hausordnung<\/strong><br>Die Fr\u00fchaufsicht durch die Schule beginnt ab 7:30. Davor ist die Verantwortung bei den Eltern. Um Rechtssicherheit zu schaffen wird dieser Punkt in die Hausordnung aufgenommen.<br><br><\/li>\n\n\n\n<li><strong>Jahresbericht 2025\/26: Instagram-Archivierung<\/strong><br>Die Jahresberichte werden ab dem Schuljahr 25\/26 auf Instagram archiviert.<br><br><\/li>\n\n\n\n<li><strong>Definitive Lehrf\u00e4cherverteilung 2025\/26<\/strong><br>Die Lehrf\u00e4cherverteilung wurde einstimmig angenommen.<br><br><\/li>\n\n\n\n<li><strong>Schulautonom unterrichtsfreie Tage 2026\/27<\/strong><br>Die Schulautonomen Tage f\u00fcr das SJ 26\/27 wurden wie folgt festgelegt:<br>26.10.2026 \u2013 31.10.2026 (Herbstferien)<br>07.12.2026<br>07.05.2027<br>28.05.2027<br><br><\/li>\n\n\n\n<li><strong>Kollektiv-Unfallversicherung und kollektiv-Schulveranstaltungsstornoversicherung<\/strong><br>Die Stornoversicherung wird ab dem SJ 26\/27 wird nicht mehr angeboten, da sie in vielen F\u00e4llen nicht gezahlt hat. Die Unfallversicherung bleibt bestehen.<br><\/li>\n<\/ol>\n\n\n\n<p><strong>Allf\u00e4lliges:<\/strong><\/p>\n\n\n\n<p>\u2022 Der Portfolio Award wird wieder wie gehabt vergeben<br>\u2022 Es wird wieder \u00fcberlegt ob die Schl\u00f6sser (mit Schl\u00fcssel) f\u00fcr die Spinde wieder \u00fcber die Schule angekauft werden, da diese eine bessere Qualit\u00e4t haben und  im Bedarfsfall mit einem Zentralschl\u00fcssel von der Schule ge\u00f6ffnet werden k\u00f6nnen. Kosten ca. 30 \u20ac pro Sch\u00fcler.<\/p>\n\n\n\n<p><strong>Die n\u00e4chste SGA-Sitzung findet am 05.02.2026 statt. <\/strong><\/p>\n\n\n\n<p><br>Mit freundlichen Gr\u00fc\u00dfen<br>Mag. Gioia Schmid-Schmidsfelden (Obfrau)<br>Andreas Meinhart (Obmann-Stv.)<br><strong>f\u00fcr den Elternverein BRG<\/strong><\/p>\n","protected":false},"excerpt":{"rendered":"<p>Anwesende: Direktor Hr. Dipl. Ing. MMag. Manfred Kienesberger Lehrervertreter*innen: Prof. Mag. Werner HittenbergerProf. Mag. Andrea Sch\u00f6glProf. Mag. Michaela Wiesmayr Elternvertreter*innen:Gioia Schmid-SchmidsfeldenAndreas MeinhartSandra Kaiser Sch\u00fclervertreter*inen:Lena RiedlLaura ReschConstantin Wiespointner Antrag: Annahme des Protokolls der letzten SGA-Sitzung vom 21.05.2025Abstimmung: Antrag einstimmig angenommen. Tagesordnung: Allf\u00e4lliges: \u2022 Der Portfolio Award wird wieder wie gehabt vergeben\u2022 Es wird wieder \u00fcberlegt ob [&hellip;]<\/p>\n","protected":false},"author":3,"featured_media":745,"comment_status":"open","ping_status":"open","sticky":false,"template":"","format":"standard","meta":{"footnotes":""},"categories":[1],"tags":[],"class_list":["post-1314","post","type-post","status-publish","format-standard","has-post-thumbnail","hentry","category-allgemein"],"blocksy_meta":[],"_links":{"self":[{"href":"https:\/\/www.ev-brg-schloss-wagrain.at\/a\/wp-json\/wp\/v2\/posts\/1314","targetHints":{"allow":["GET"]}}],"collection":[{"href":"https:\/\/www.ev-brg-schloss-wagrain.at\/a\/wp-json\/wp\/v2\/posts"}],"about":[{"href":"https:\/\/www.ev-brg-schloss-wagrain.at\/a\/wp-json\/wp\/v2\/types\/post"}],"author":[{"embeddable":true,"href":"https:\/\/www.ev-brg-schloss-wagrain.at\/a\/wp-json\/wp\/v2\/users\/3"}],"replies":[{"embeddable":true,"href":"https:\/\/www.ev-brg-schloss-wagrain.at\/a\/wp-json\/wp\/v2\/comments?post=1314"}],"version-history":[{"count":10,"href":"https:\/\/www.ev-brg-schloss-wagrain.at\/a\/wp-json\/wp\/v2\/posts\/1314\/revisions"}],"predecessor-version":[{"id":1324,"href":"https:\/\/www.ev-brg-schloss-wagrain.at\/a\/wp-json\/wp\/v2\/posts\/1314\/revisions\/1324"}],"wp:featuredmedia":[{"embeddable":true,"href":"https:\/\/www.ev-brg-schloss-wagrain.at\/a\/wp-json\/wp\/v2\/media\/745"}],"wp:attachment":[{"href":"https:\/\/www.ev-brg-schloss-wagrain.at\/a\/wp-json\/wp\/v2\/media?parent=1314"}],"wp:term":[{"taxonomy":"category","embeddable":true,"href":"https:\/\/www.ev-brg-schloss-wagrain.at\/a\/wp-json\/wp\/v2\/categories?post=1314"},{"taxonomy":"post_tag","embeddable":true,"href":"https:\/\/www.ev-brg-schloss-wagrain.at\/a\/wp-json\/wp\/v2\/tags?post=1314"}],"curies":[{"name":"wp","href":"https:\/\/api.w.org\/{rel}","templated":true}]}}